[{"@context":"https:\/\/schema.org\/","@type":"Blog","@id":"https:\/\/www.ceskom.cz#Blog","headline":"Ceskom","description":"\nOsud nen\u00ed p\u0159\u00edzniv\u011b naklon\u011bn jenom t\u011bm takzvan\u011b ekonomicky siln\u00fdm. Da\u0159it se m\u016f\u017ee i t\u011bm chud\u0161\u00edm. Pokud na internetu vyu\u017e\u00edvaj\u00ed ten spr\u00e1vn\u00fd web.","url":"https:\/\/www.ceskom.cz","hasPart":[{"@type":"Article","@id":"https:\/\/www.ceskom.cz\/proc-je-dobre-vedet-kde-je-elektrikar-praha-10-pokud-tam-bydlime\/","headline":"Pro\u010d je dobr\u00e9 v\u011bd\u011bt, kde je elektrik\u00e1\u0159 Praha 10, pokud tam bydl\u00edme","url":"https:\/\/www.ceskom.cz\/proc-je-dobre-vedet-kde-je-elektrikar-praha-10-pokud-tam-bydlime\/","datePublished":"2023-11-14","dateModified":"2023-12-19","mainEntityOfPage":"https:\/\/www.ceskom.cz\/proc-je-dobre-vedet-kde-je-elektrikar-praha-10-pokud-tam-bydlime\/","author":{"@type":"Person","@id":"https:\/\/www.ceskom.cz\/author\/#Person","name":"","url":"https:\/\/www.ceskom.cz\/author\/","identifier":1,"image":{"@type":"ImageObject","@id":"https:\/\/secure.gravatar.com\/avatar\/aa13f0f1a5b61a2deba1492ce3bb4afe8e77d91eeb44c23db0ee08765a93abad?s=96&d=mm&r=g","url":"https:\/\/secure.gravatar.com\/avatar\/aa13f0f1a5b61a2deba1492ce3bb4afe8e77d91eeb44c23db0ee08765a93abad?s=96&d=mm&r=g","height":96,"width":96}},"publisher":{"@type":"Organization","name":"ceskom.cz","logo":{"@type":"ImageObject","@id":"\/logo.png","url":"\/logo.png","width":600,"height":60}},"image":{"@type":"ImageObject","@id":"https:\/\/www.ceskom.cz\/wp-content\/uploads\/elektromer1_3.jpg","url":"https:\/\/www.ceskom.cz\/wp-content\/uploads\/elektromer1_3.jpg","height":0,"width":0},"wordCount":570,"keywords":null},{"@type":"Article","@id":"https:\/\/www.ceskom.cz\/na-dovolenou-do-sveho\/","headline":"Na dovolenou do sv\u00e9ho","url":"https:\/\/www.ceskom.cz\/na-dovolenou-do-sveho\/","datePublished":"2023-11-14","dateModified":"2023-12-19","mainEntityOfPage":"https:\/\/www.ceskom.cz\/na-dovolenou-do-sveho\/","author":{"@type":"Person","@id":"https:\/\/www.ceskom.cz\/author\/#Person","name":"","url":"https:\/\/www.ceskom.cz\/author\/","identifier":1,"image":{"@type":"ImageObject","@id":"https:\/\/secure.gravatar.com\/avatar\/aa13f0f1a5b61a2deba1492ce3bb4afe8e77d91eeb44c23db0ee08765a93abad?s=96&d=mm&r=g","url":"https:\/\/secure.gravatar.com\/avatar\/aa13f0f1a5b61a2deba1492ce3bb4afe8e77d91eeb44c23db0ee08765a93abad?s=96&d=mm&r=g","height":96,"width":96}},"publisher":{"@type":"Organization","name":"ceskom.cz","logo":{"@type":"ImageObject","@id":"\/logo.png","url":"\/logo.png","width":600,"height":60}},"image":{"@type":"ImageObject","@id":"https:\/\/www.ceskom.cz\/wp-content\/uploads\/summer-5081968_640_2.jpg","url":"https:\/\/www.ceskom.cz\/wp-content\/uploads\/summer-5081968_640_2.jpg","height":0,"width":0},"wordCount":520,"keywords":null},{"@type":"Article","@id":"https:\/\/www.ceskom.cz\/jdete-na-to-chytre\/","headline":"Jd\u011bte na to chyt\u0159e","url":"https:\/\/www.ceskom.cz\/jdete-na-to-chytre\/","datePublished":"2023-11-14","dateModified":"2023-12-19","mainEntityOfPage":"https:\/\/www.ceskom.cz\/jdete-na-to-chytre\/","author":{"@type":"Person","@id":"https:\/\/www.ceskom.cz\/author\/#Person","name":"","url":"https:\/\/www.ceskom.cz\/author\/","identifier":1,"image":{"@type":"ImageObject","@id":"https:\/\/secure.gravatar.com\/avatar\/aa13f0f1a5b61a2deba1492ce3bb4afe8e77d91eeb44c23db0ee08765a93abad?s=96&d=mm&r=g","url":"https:\/\/secure.gravatar.com\/avatar\/aa13f0f1a5b61a2deba1492ce3bb4afe8e77d91eeb44c23db0ee08765a93abad?s=96&d=mm&r=g","height":96,"width":96}},"publisher":{"@type":"Organization","name":"ceskom.cz","logo":{"@type":"ImageObject","@id":"\/logo.png","url":"\/logo.png","width":600,"height":60}},"image":{"@type":"ImageObject","@id":"https:\/\/www.ceskom.cz\/wp-content\/uploads\/coding-924920_640_7.jpg","url":"https:\/\/www.ceskom.cz\/wp-content\/uploads\/coding-924920_640_7.jpg","height":0,"width":0},"wordCount":521,"keywords":null},{"@type":"Article","@id":"https:\/\/www.ceskom.cz\/proc-se-stale-drzi-v-oblibe-sle-neboli-ksandy\/","headline":"Pro\u010d se st\u00e1le dr\u017e\u00ed v oblib\u011b \u0161le neboli k\u0161andy","url":"https:\/\/www.ceskom.cz\/proc-se-stale-drzi-v-oblibe-sle-neboli-ksandy\/","datePublished":"2023-11-13","dateModified":"2023-12-19","mainEntityOfPage":"https:\/\/www.ceskom.cz\/proc-se-stale-drzi-v-oblibe-sle-neboli-ksandy\/","author":{"@type":"Person","@id":"https:\/\/www.ceskom.cz\/author\/#Person","name":"","url":"https:\/\/www.ceskom.cz\/author\/","identifier":1,"image":{"@type":"ImageObject","@id":"https:\/\/secure.gravatar.com\/avatar\/aa13f0f1a5b61a2deba1492ce3bb4afe8e77d91eeb44c23db0ee08765a93abad?s=96&d=mm&r=g","url":"https:\/\/secure.gravatar.com\/avatar\/aa13f0f1a5b61a2deba1492ce3bb4afe8e77d91eeb44c23db0ee08765a93abad?s=96&d=mm&r=g","height":96,"width":96}},"publisher":{"@type":"Organization","name":"ceskom.cz","logo":{"@type":"ImageObject","@id":"\/logo.png","url":"\/logo.png","width":600,"height":60}},"image":{"@type":"ImageObject","@id":"https:\/\/www.ceskom.cz\/wp-content\/uploads\/boy-6279160_640.jpg","url":"https:\/\/www.ceskom.cz\/wp-content\/uploads\/boy-6279160_640.jpg","height":0,"width":0},"wordCount":535,"keywords":null},{"@type":"Article","@id":"https:\/\/www.ceskom.cz\/dobrym-napadem-je-catering-na-svatbu\/","headline":"Dobr\u00fdm n\u00e1padem je catering na svatbu","url":"https:\/\/www.ceskom.cz\/dobrym-napadem-je-catering-na-svatbu\/","datePublished":"2023-11-13","dateModified":"2023-12-19","mainEntityOfPage":"https:\/\/www.ceskom.cz\/dobrym-napadem-je-catering-na-svatbu\/","author":{"@type":"Person","@id":"https:\/\/www.ceskom.cz\/author\/#Person","name":"","url":"https:\/\/www.ceskom.cz\/author\/","identifier":1,"image":{"@type":"ImageObject","@id":"https:\/\/secure.gravatar.com\/avatar\/aa13f0f1a5b61a2deba1492ce3bb4afe8e77d91eeb44c23db0ee08765a93abad?s=96&d=mm&r=g","url":"https:\/\/secure.gravatar.com\/avatar\/aa13f0f1a5b61a2deba1492ce3bb4afe8e77d91eeb44c23db0ee08765a93abad?s=96&d=mm&r=g","height":96,"width":96}},"publisher":{"@type":"Organization","name":"ceskom.cz","logo":{"@type":"ImageObject","@id":"\/logo.png","url":"\/logo.png","width":600,"height":60}},"image":{"@type":"ImageObject","@id":"https:\/\/www.ceskom.cz\/wp-content\/uploads\/love-1951386_1280.jpg","url":"https:\/\/www.ceskom.cz\/wp-content\/uploads\/love-1951386_1280.jpg","height":0,"width":0},"wordCount":560,"keywords":null},{"@type":"Article","@id":"https:\/\/www.ceskom.cz\/jak-zabezpecit-detsky-mobilni-telefon\/","headline":"Jak zabezpe\u010dit d\u011btsk\u00fd mobiln\u00ed telefon","url":"https:\/\/www.ceskom.cz\/jak-zabezpecit-detsky-mobilni-telefon\/","datePublished":"2023-11-08","dateModified":"2024-01-08","mainEntityOfPage":"https:\/\/www.ceskom.cz\/jak-zabezpecit-detsky-mobilni-telefon\/","author":{"@type":"Person","@id":"https:\/\/www.ceskom.cz\/author\/#Person","name":"","url":"https:\/\/www.ceskom.cz\/author\/","identifier":1,"image":{"@type":"ImageObject","@id":"https:\/\/secure.gravatar.com\/avatar\/aa13f0f1a5b61a2deba1492ce3bb4afe8e77d91eeb44c23db0ee08765a93abad?s=96&d=mm&r=g","url":"https:\/\/secure.gravatar.com\/avatar\/aa13f0f1a5b61a2deba1492ce3bb4afe8e77d91eeb44c23db0ee08765a93abad?s=96&d=mm&r=g","height":96,"width":96}},"publisher":{"@type":"Organization","name":"ceskom.cz","logo":{"@type":"ImageObject","@id":"\/logo.png","url":"\/logo.png","width":600,"height":60}},"image":{"@type":"ImageObject","@id":"https:\/\/www.ceskom.cz\/wp-content\/uploads\/dite3_8.jpg","url":"https:\/\/www.ceskom.cz\/wp-content\/uploads\/dite3_8.jpg","height":0,"width":0},"wordCount":971,"keywords":null},{"@type":"Article","@id":"https:\/\/www.ceskom.cz\/proc-maji-psovite-selmy-drapy\/","headline":"Pro\u010d maj\u00ed psovit\u00e9 \u0161elmy dr\u00e1py","url":"https:\/\/www.ceskom.cz\/proc-maji-psovite-selmy-drapy\/","datePublished":"2023-11-06","dateModified":"2023-12-07","mainEntityOfPage":"https:\/\/www.ceskom.cz\/proc-maji-psovite-selmy-drapy\/","author":{"@type":"Person","@id":"https:\/\/www.ceskom.cz\/author\/#Person","name":"","url":"https:\/\/www.ceskom.cz\/author\/","identifier":1,"image":{"@type":"ImageObject","@id":"https:\/\/secure.gravatar.com\/avatar\/aa13f0f1a5b61a2deba1492ce3bb4afe8e77d91eeb44c23db0ee08765a93abad?s=96&d=mm&r=g","url":"https:\/\/secure.gravatar.com\/avatar\/aa13f0f1a5b61a2deba1492ce3bb4afe8e77d91eeb44c23db0ee08765a93abad?s=96&d=mm&r=g","height":96,"width":96}},"publisher":{"@type":"Organization","name":"ceskom.cz","logo":{"@type":"ImageObject","@id":"\/logo.png","url":"\/logo.png","width":600,"height":60}},"image":{"@type":"ImageObject","@id":"https:\/\/www.ceskom.cz\/wp-content\/uploads\/drapy1.jpg","url":"https:\/\/www.ceskom.cz\/wp-content\/uploads\/drapy1.jpg","height":0,"width":0},"wordCount":1046,"keywords":null},{"@type":"Article","@id":"https:\/\/www.ceskom.cz\/senzacni-caj-ktery-si-oblibite\/","headline":"Senza\u010dn\u00ed \u010daj, kter\u00fd si obl\u00edb\u00edte","url":"https:\/\/www.ceskom.cz\/senzacni-caj-ktery-si-oblibite\/","datePublished":"2023-11-02","dateModified":"2023-11-02","mainEntityOfPage":"https:\/\/www.ceskom.cz\/senzacni-caj-ktery-si-oblibite\/","author":{"@type":"Person","@id":"https:\/\/www.ceskom.cz\/author\/#Person","name":"","url":"https:\/\/www.ceskom.cz\/author\/","identifier":1,"image":{"@type":"ImageObject","@id":"https:\/\/secure.gravatar.com\/avatar\/aa13f0f1a5b61a2deba1492ce3bb4afe8e77d91eeb44c23db0ee08765a93abad?s=96&d=mm&r=g","url":"https:\/\/secure.gravatar.com\/avatar\/aa13f0f1a5b61a2deba1492ce3bb4afe8e77d91eeb44c23db0ee08765a93abad?s=96&d=mm&r=g","height":96,"width":96}},"publisher":{"@type":"Organization","name":"ceskom.cz","logo":{"@type":"ImageObject","@id":"\/logo.png","url":"\/logo.png","width":600,"height":60}},"image":null,"wordCount":285,"keywords":null},{"@type":"Article","@id":"https:\/\/www.ceskom.cz\/pronajmete-si-sidlo-spolecnosti\/","headline":"Pronajm\u011bte si s\u00eddlo spole\u010dnosti","url":"https:\/\/www.ceskom.cz\/pronajmete-si-sidlo-spolecnosti\/","datePublished":"2023-10-30","dateModified":"2023-11-30","mainEntityOfPage":"https:\/\/www.ceskom.cz\/pronajmete-si-sidlo-spolecnosti\/","author":{"@type":"Person","@id":"https:\/\/www.ceskom.cz\/author\/#Person","name":"","url":"https:\/\/www.ceskom.cz\/author\/","identifier":1,"image":{"@type":"ImageObject","@id":"https:\/\/secure.gravatar.com\/avatar\/aa13f0f1a5b61a2deba1492ce3bb4afe8e77d91eeb44c23db0ee08765a93abad?s=96&d=mm&r=g","url":"https:\/\/secure.gravatar.com\/avatar\/aa13f0f1a5b61a2deba1492ce3bb4afe8e77d91eeb44c23db0ee08765a93abad?s=96&d=mm&r=g","height":96,"width":96}},"publisher":{"@type":"Organization","name":"ceskom.cz","logo":{"@type":"ImageObject","@id":"\/logo.png","url":"\/logo.png","width":600,"height":60}},"image":{"@type":"ImageObject","@id":"https:\/\/www.ceskom.cz\/wp-content\/uploads\/scott-graham-5fNmWej4tAA-unsplash_1.jpg","url":"https:\/\/www.ceskom.cz\/wp-content\/uploads\/scott-graham-5fNmWej4tAA-unsplash_1.jpg","height":0,"width":0},"wordCount":546,"keywords":null},{"@type":"Article","@id":"https:\/\/www.ceskom.cz\/jak-zajistit-uklid\/","headline":"Jak zajistit \u00faklid","url":"https:\/\/www.ceskom.cz\/jak-zajistit-uklid\/","datePublished":"2023-10-29","dateModified":"2023-11-30","mainEntityOfPage":"https:\/\/www.ceskom.cz\/jak-zajistit-uklid\/","author":{"@type":"Person","@id":"https:\/\/www.ceskom.cz\/author\/#Person","name":"","url":"https:\/\/www.ceskom.cz\/author\/","identifier":1,"image":{"@type":"ImageObject","@id":"https:\/\/secure.gravatar.com\/avatar\/aa13f0f1a5b61a2deba1492ce3bb4afe8e77d91eeb44c23db0ee08765a93abad?s=96&d=mm&r=g","url":"https:\/\/secure.gravatar.com\/avatar\/aa13f0f1a5b61a2deba1492ce3bb4afe8e77d91eeb44c23db0ee08765a93abad?s=96&d=mm&r=g","height":96,"width":96}},"publisher":{"@type":"Organization","name":"ceskom.cz","logo":{"@type":"ImageObject","@id":"\/logo.png","url":"\/logo.png","width":600,"height":60}},"image":{"@type":"ImageObject","@id":"https:\/\/www.ceskom.cz\/wp-content\/uploads\/cleaning-4098410_640_10_10_5.jpg","url":"https:\/\/www.ceskom.cz\/wp-content\/uploads\/cleaning-4098410_640_10_10_5.jpg","height":0,"width":0},"wordCount":553,"keywords":null}]},{"@context":"https:\/\/schema.org","@type":"WebSite","@id":"https:\/\/www.ceskom.cz\/#website","name":"Ceskom","url":"https:\/\/www.ceskom.cz","potentialAction":{"@type":"SearchAction","target":"https:\/\/www.ceskom.cz\/?s={search_term_string}","query-input":"required name=search_term_string"}}]